{"headers": {"id": "ID", "data_inicio": "Abertura", "hora_inicio": "Hor\u00e1rio (hh:mm)", "data_fim": "Encerramento", "hora_fim": "Hor\u00e1rio (hh:mm)", "": "T\u00edtulo"}, "results": [{"id": "12", "data_inicio": "2026-04-13", "hora_inicio": "18:00", "data_fim": "2026-04-13", "hora_fim": "18:36", "": "10\u00aa Sess\u00e3o Ordin\u00e1ria de 2026 da 2\u00aa Sess\u00e3o Legislativa da 8\u00aa Legislatura"}, {"id": "11", "data_inicio": "2026-04-06", "hora_inicio": "18:00", "data_fim": "2026-04-06", "hora_fim": "18:52", "": "9\u00aa Sess\u00e3o Ordin\u00e1ria de 2026 da 2\u00aa Sess\u00e3o Legislativa da 8\u00aa Legislatura"}, {"id": "10", "data_inicio": "2026-03-30", "hora_inicio": "18:00", "data_fim": "2026-03-30", "hora_fim": "18:59", "": "8\u00aa Sess\u00e3o Ordin\u00e1ria de 2026 da 2\u00aa Sess\u00e3o Legislativa da 8\u00aa Legislatura"}, {"id": "9", "data_inicio": "2026-03-27", "hora_inicio": "18:00", "data_fim": "2026-03-27", "hora_fim": "20:37", "": "1\u00aa Sess\u00e3o Solene de 2026 da 2\u00aa Sess\u00e3o Legislativa da 8\u00aa Legislatura"}, {"id": "8", "data_inicio": "2026-03-23", "hora_inicio": "18:00", "data_fim": "2026-03-23", "hora_fim": "18:30", "": "7\u00aa Sess\u00e3o Ordin\u00e1ria de 2026 da 2\u00aa Sess\u00e3o Legislativa da 8\u00aa Legislatura"}, {"id": "7", "data_inicio": "2026-03-16", "hora_inicio": "18:00", "data_fim": "2026-03-16", "hora_fim": "18:49", "": "6\u00aa Sess\u00e3o Ordin\u00e1ria de 2026 da 2\u00aa Sess\u00e3o Legislativa da 8\u00aa Legislatura"}, {"id": "6", "data_inicio": "2026-03-09", "hora_inicio": "18:00", "data_fim": "2026-03-09", "hora_fim": "18:52", "": "5\u00aa Sess\u00e3o Ordin\u00e1ria de 2026 da 2\u00aa Sess\u00e3o Legislativa da 8\u00aa Legislatura"}, {"id": "5", "data_inicio": "2026-03-02", "hora_inicio": "18:00", "data_fim": "2026-03-02", "hora_fim": "18:32", "": "4\u00aa Sess\u00e3o Ordin\u00e1ria de 2026 da 2\u00aa Sess\u00e3o Legislativa da 8\u00aa Legislatura"}, {"id": "4", "data_inicio": "2026-02-23", "hora_inicio": "18:00", "data_fim": "2026-02-23", "hora_fim": "18:20", "": "3\u00aa Sess\u00e3o Ordin\u00e1ria de 2026 da 2\u00aa Sess\u00e3o Legislativa da 8\u00aa Legislatura"}, {"id": "3", "data_inicio": "2026-02-09", "hora_inicio": "18:00", "data_fim": "2026-02-09", "hora_fim": "19:14", "": "2\u00aa Sess\u00e3o Ordin\u00e1ria de 2026 da 2\u00aa Sess\u00e3o Legislativa da 8\u00aa Legislatura"}, {"id": "2", "data_inicio": "2026-02-02", "hora_inicio": "18:00", "data_fim": "2026-02-02", "hora_fim": "18:55", "": "1\u00aa Sess\u00e3o Ordin\u00e1ria de 2026 da 2\u00aa Sess\u00e3o Legislativa da 8\u00aa Legislatura"}, {"id": "1", "data_inicio": "2026-01-26", "hora_inicio": "10:00", "data_fim": "2026-01-26", "hora_fim": "10:10", "": "1\u00aa Sess\u00e3o Extraordin\u00e1ria de 2026 da 2\u00aa Sess\u00e3o Legislativa da 8\u00aa Legislatura"}]}