{"headers": {"id": "ID", "periodo": "Per\u00edodo", "titulo": "Mat\u00e9ria", "autor": "Autor", "ementa": "Ementa", "situacao": "Situa\u00e7\u00e3o"}, "results": [{"id": 30, "periodo": "ordem dia", "titulo": "Requerimento n\u00ba 1 de 2026", "autor": "Adriano da Cachoeira,Ant\u00f4nio Sirlei,Deusmar da Vera,Mateuzinho,Nathan das Prata", "ementa": "Informa\u00e7\u00e3o sobre implanta\u00e7\u00e3o do itiner\u00e1rio do transporte coletivo \u201cTarifa Zero\u201d pelo bairro Shangril\u00e1.", "situacao": "Mat\u00e9ria inclusa na Ordem do Dia \u2013 Vota\u00e7\u00e3o \u00danica"}, {"id": 17, "periodo": "ordem dia", "titulo": "Indica\u00e7\u00e3o n\u00ba 1 de 2026", "autor": "Edmar Kabad\u00e3o", "ementa": "O Vereador que abaixo assina, apresenta a Indica\u00e7\u00e3o para an\u00e1lise e delibera\u00e7\u00e3o do Plen\u00e1rio, solicitando ao Executivo Municipal que por meio do setor competente, que seja providenciada a aquisi\u00e7\u00e3o de um bebedouro industrial para o Vel\u00f3rio Municipal.", "situacao": "Mat\u00e9ria inclusa na Ordem do Dia \u2013 Vota\u00e7\u00e3o \u00danica"}, {"id": 18, "periodo": "ordem dia", "titulo": "Indica\u00e7\u00e3o n\u00ba 2 de 2026", "autor": "Edmar Kabad\u00e3o", "ementa": "O Vereador que abaixo assina, apresenta a Indica\u00e7\u00e3o para an\u00e1lise e delibera\u00e7\u00e3o do Plen\u00e1rio, solicitando ao Executivo Municipal por meio do setor competente, que seja analisada a possibilidade de constru\u00e7\u00e3o de mais salas de vel\u00f3rio no Vel\u00f3rio Municipal, visando melhorar o atendimento \u00e0 popula\u00e7\u00e3o.", "situacao": "Mat\u00e9ria inclusa na Ordem do Dia \u2013 Vota\u00e7\u00e3o \u00danica"}, {"id": 19, "periodo": "ordem dia", "titulo": "Indica\u00e7\u00e3o n\u00ba 3 de 2026", "autor": "Edmar Kabad\u00e3o,Nathan das Prata", "ementa": "Os Vereadores que abaixo assinam, apresentam a Indica\u00e7\u00e3o para an\u00e1lise e delibera\u00e7\u00e3o do Plen\u00e1rio, solicitando ao Executivo Municipal junto ao setor competente, que sejam realizados reparos e o recapeamento das ruas do Bosque da Cachoeira, com aten\u00e7\u00e3o especial \u00e0 Rua A, localizada no bairro Cachoeira da Laje.", "situacao": "Mat\u00e9ria inclusa na Ordem do Dia \u2013 Vota\u00e7\u00e3o \u00danica"}, {"id": 29, "periodo": "ordem dia", "titulo": "Indica\u00e7\u00e3o n\u00ba 4 de 2026", "autor": "Edmar Kabad\u00e3o,Nathan das Prata", "ementa": "Os Vereadores que abaixo assinam, apresentam a Indica\u00e7\u00e3o para an\u00e1lise e delibera\u00e7\u00e3o do Plen\u00e1rio, solicitando ao Executivo Municipal para que, por meio do setor competente, providencie a instala\u00e7\u00e3o de ilumina\u00e7\u00e3o p\u00fablica na entrada do Loteamento Bosque da Cachoeira, localizado no bairro Cachoeira da Lage, nas proximidades da resid\u00eancia do Senhor Juvenal e do Senhor Edson, reiterando a Indica\u00e7\u00e3o n\u00ba 046, de 27 de janeiro de 2025.", "situacao": "Mat\u00e9ria inclusa na Ordem do Dia \u2013 Vota\u00e7\u00e3o \u00danica"}, {"id": 27, "periodo": "ordem dia", "titulo": "Indica\u00e7\u00e3o n\u00ba 5 de 2026", "autor": "Tiaguinho do Bol\u00e3o", "ementa": "O Vereador que abaixo assina apresenta a presente Indica\u00e7\u00e3o para an\u00e1lise e delibera\u00e7\u00e3o do Plen\u00e1rio, solicitando ao Executivo Municipal que, por meio do setor competente, analise a possibilidade de inclus\u00e3o do bairro Shangril\u00e1 no itiner\u00e1rio do transporte p\u00fablico \u201cTarifa Zero\u201d, atendendo a pedido da popula\u00e7\u00e3o local, bem como a disponibiliza\u00e7\u00e3o de, no m\u00ednimo, tr\u00eas hor\u00e1rios di\u00e1rios, sendo um no per\u00edodo da manh\u00e3, um no hor\u00e1rio de almo\u00e7o e um no per\u00edodo da tarde.", "situacao": "Mat\u00e9ria inclusa na Ordem do Dia \u2013 Vota\u00e7\u00e3o \u00danica"}, {"id": 28, "periodo": "ordem dia", "titulo": "Indica\u00e7\u00e3o n\u00ba 6 de 2026", "autor": "Tiaguinho do Bol\u00e3o", "ementa": "O Vereador que abaixo assina apresenta a presente Indica\u00e7\u00e3o para an\u00e1lise e delibera\u00e7\u00e3o do Plen\u00e1rio, solicitando ao Executivo Municipal que determine ao setor competente a an\u00e1lise da possibilidade de contrata\u00e7\u00e3o de empresa especializada na presta\u00e7\u00e3o de servi\u00e7os de tratamento endod\u00f4ntico, comumente conhecido como tratamento de canal, destinado aos pacientes assistidos pela rede p\u00fablica municipal de sa\u00fade.", "situacao": "Mat\u00e9ria inclusa na Ordem do Dia \u2013 Vota\u00e7\u00e3o \u00danica"}, {"id": 20, "periodo": "ordem dia", "titulo": "Indica\u00e7\u00e3o n\u00ba 7 de 2026", "autor": "Edmar Kabad\u00e3o", "ementa": "O Vereador que abaixo assina, apresenta a Indica\u00e7\u00e3o para an\u00e1lise e delibera\u00e7\u00e3o do Plen\u00e1rio, solicitando ao Executivo Municipal por meio do setor competente,  que providencie a instala\u00e7\u00e3o de internet no barrac\u00e3o da Feirinha do Produtor Rural, atendendo \u00e0 solicita\u00e7\u00e3o dos feirantes que ali exercem suas atividades.", "situacao": "Mat\u00e9ria inclusa na Ordem do Dia \u2013 Vota\u00e7\u00e3o \u00danica"}, {"id": 21, "periodo": "ordem dia", "titulo": "Indica\u00e7\u00e3o n\u00ba 8 de 2026", "autor": "Edmar Kabad\u00e3o", "ementa": "O Vereador que abaixo assina, apresenta a Indica\u00e7\u00e3o para an\u00e1lise e delibera\u00e7\u00e3o do Plen\u00e1rio, solicitando ao Executivo Municipal por meio do setor competente,  que analise a possibilidade de fornecer uniformes aos servidores do setor de Obras do munic\u00edpio.", "situacao": "Mat\u00e9ria inclusa na Ordem do Dia \u2013 Vota\u00e7\u00e3o \u00danica"}, {"id": 24, "periodo": "ordem dia", "titulo": "Indica\u00e7\u00e3o n\u00ba 9 de 2026", "autor": "Mateuzinho", "ementa": "O Vereador que abaixo assina, apresenta a Indica\u00e7\u00e3o para an\u00e1lise e delibera\u00e7\u00e3o do Plen\u00e1rio, solicitando ao Executivo Municipal por meio do setor competente,  que analise a possibilidade de fornecer uniformes e instrumentos musicais aos integrantes da Folia de Reis do Munic\u00edpio.", "situacao": "Mat\u00e9ria inclusa na Ordem do Dia \u2013 Vota\u00e7\u00e3o \u00danica"}, {"id": 23, "periodo": "ordem dia", "titulo": "Indica\u00e7\u00e3o n\u00ba 10 de 2026", "autor": "Tiaguinho do Bol\u00e3o", "ementa": "O Vereador que abaixo assina apresenta a presente Indica\u00e7\u00e3o para an\u00e1lise e delibera\u00e7\u00e3o do Plen\u00e1rio, solicitando ao Executivo Municipal junto \u00e0 Secretaria Municipal de Turismo a realiza\u00e7\u00e3o de uma campanha ampla, educativa e informativa destinada aos meios de hospedagem do munic\u00edpio (hot\u00e9is, pousadas e similares) visando \u00e0 divulga\u00e7\u00e3o e correta aplica\u00e7\u00e3o da Lei Geral do Turismo \u2013 Lei Federal n\u00ba 11.771/2008, regulamentada pelo Decreto n\u00ba 7.381/2010.", "situacao": "Mat\u00e9ria inclusa na Ordem do Dia \u2013 Vota\u00e7\u00e3o \u00danica"}, {"id": 26, "periodo": "ordem dia", "titulo": "Indica\u00e7\u00e3o n\u00ba 11 de 2026", "autor": "Jamir da Cachoeira", "ementa": "O Vereador que abaixo assina apresenta a presente Indica\u00e7\u00e3o para an\u00e1lise e delibera\u00e7\u00e3o do Plen\u00e1rio, solicitando ao Executivo Municipal por meio do Setor de Obras, que sejam realizados reparos e corre\u00e7\u00f5es no meio-fio da Rua I, localizada no Bairro Bosque da Cachoeira, no munic\u00edpio de Cachoeira da Lage.", "situacao": "Mat\u00e9ria inclusa na Ordem do Dia \u2013 Vota\u00e7\u00e3o \u00danica"}, {"id": 22, "periodo": "ordem dia", "titulo": "Indica\u00e7\u00e3o n\u00ba 12 de 2026", "autor": "Adriano da Cachoeira,Ant\u00f4nio Sirlei,Deusmar da Vera,Mateuzinho,Nathan das Prata", "ementa": "Os Vereadores que abaixo assinam apresentam a presente Indica\u00e7\u00e3o para an\u00e1lise e delibera\u00e7\u00e3o do Plen\u00e1rio, solicitando ao Executivo Municipal por meio do Setor Competente que estude a viabilidade e adote as provid\u00eancias necess\u00e1rias para a constru\u00e7\u00e3o de uma creche no centro do munic\u00edpio, visando atender \u00e0 demanda da popula\u00e7\u00e3o local. A presente Indica\u00e7\u00e3o reitera a Indica\u00e7\u00e3o n\u00ba 108/2025, anteriormente apresentada a esta Casa Legislativa.", "situacao": "Mat\u00e9ria inclusa na Ordem do Dia \u2013 Vota\u00e7\u00e3o \u00danica"}, {"id": 25, "periodo": "ordem dia", "titulo": "Indica\u00e7\u00e3o n\u00ba 13 de 2026", "autor": "Adriano da Cachoeira,Ant\u00f4nio Sirlei,Deusmar da Vera,Mateuzinho,Nathan das Prata", "ementa": "Os Vereadores que abaixo assinam apresentam a presente Indica\u00e7\u00e3o para an\u00e1lise e delibera\u00e7\u00e3o do Plen\u00e1rio, solicitando ao Executivo Municipal por meio do Setor Competente que adote as provid\u00eancias necess\u00e1rias para a reforma de todos os campos de futebol situados no munic\u00edpio. A presente Indica\u00e7\u00e3o reitera a Indica\u00e7\u00e3o n\u00ba 142/2025, anteriormente apresentada a esta Casa Legislativa.", "situacao": "Mat\u00e9ria inclusa na Ordem do Dia \u2013 Vota\u00e7\u00e3o \u00danica"}, {"id": 13, "periodo": "expediente", "titulo": "Projeto de Lei Ordin\u00e1ria n\u00ba 3 de 2026", "autor": "Marcelo Rodrigues da Silva - Prefeito do Munic\u00edpio", "ementa": "\u201cInstitui o projeto \"Socializar atrav\u00e9s do esporte\u201d e d\u00e1 outras provid\u00eancias\u201d", "situacao": "Leitura em Plen\u00e1rio"}, {"id": 14, "periodo": "expediente", "titulo": "Projeto de Lei Ordin\u00e1ria n\u00ba 4 de 2026", "autor": "Marcelo Rodrigues da Silva - Prefeito do Munic\u00edpio", "ementa": "\u201cInstitui TFD \u2013 Tratamento Fora Do Domicilio e d\u00e1 outras provid\u00eancias.\u201d", "situacao": "Leitura em Plen\u00e1rio"}, {"id": 15, "periodo": "expediente", "titulo": "Projeto de Lei Ordin\u00e1ria n\u00ba 5 de 2026", "autor": "Marcelo Rodrigues da Silva - Prefeito do Munic\u00edpio", "ementa": "\u201cPro\u00edbe e imp\u00f5e multa para a deposi\u00e7\u00e3o ou descarte de res\u00edduos s\u00f3lidos indevidamente e d\u00e1 outras provid\u00eancias\u201d.", "situacao": "Leitura em Plen\u00e1rio"}, {"id": 16, "periodo": "expediente", "titulo": "Projeto de Lei Complementar n\u00ba 1 de 2026", "autor": "Marcelo Rodrigues da Silva - Prefeito do Munic\u00edpio", "ementa": "\"Altera o n\u00famero de vagas para o cargo de Motorista, constante do Anexo I da Lei Complementar n\u00ba 021, de 24 de agosto de 2.007, que 'Disp\u00f5e sobre o Plano de Cargos e Vencimentos dos Servidores P\u00fablicos Municipais de S\u00e3o Jos\u00e9 da Barra/MG e d\u00e1 outras provid\u00eancias\".", "situacao": "Leitura em Plen\u00e1rio"}, {"id": 30, "periodo": "expediente", "titulo": "Requerimento n\u00ba 1 de 2026", "autor": "Adriano da Cachoeira,Ant\u00f4nio Sirlei,Deusmar da Vera,Mateuzinho,Nathan das Prata", "ementa": "Informa\u00e7\u00e3o sobre implanta\u00e7\u00e3o do itiner\u00e1rio do transporte coletivo \u201cTarifa Zero\u201d pelo bairro Shangril\u00e1.", "situacao": "Mat\u00e9ria inclusa na Ordem do Dia \u2013 Vota\u00e7\u00e3o \u00danica"}, {"id": 17, "periodo": "expediente", "titulo": "Indica\u00e7\u00e3o n\u00ba 1 de 2026", "autor": "Edmar Kabad\u00e3o", "ementa": "O Vereador que abaixo assina, apresenta a Indica\u00e7\u00e3o para an\u00e1lise e delibera\u00e7\u00e3o do Plen\u00e1rio, solicitando ao Executivo Municipal que por meio do setor competente, que seja providenciada a aquisi\u00e7\u00e3o de um bebedouro industrial para o Vel\u00f3rio Municipal.", "situacao": "Mat\u00e9ria inclusa na Ordem do Dia \u2013 Vota\u00e7\u00e3o \u00danica"}, {"id": 18, "periodo": "expediente", "titulo": "Indica\u00e7\u00e3o n\u00ba 2 de 2026", "autor": "Edmar Kabad\u00e3o", "ementa": "O Vereador que abaixo assina, apresenta a Indica\u00e7\u00e3o para an\u00e1lise e delibera\u00e7\u00e3o do Plen\u00e1rio, solicitando ao Executivo Municipal por meio do setor competente, que seja analisada a possibilidade de constru\u00e7\u00e3o de mais salas de vel\u00f3rio no Vel\u00f3rio Municipal, visando melhorar o atendimento \u00e0 popula\u00e7\u00e3o.", "situacao": "Mat\u00e9ria inclusa na Ordem do Dia \u2013 Vota\u00e7\u00e3o \u00danica"}, {"id": 19, "periodo": "expediente", "titulo": "Indica\u00e7\u00e3o n\u00ba 3 de 2026", "autor": "Edmar Kabad\u00e3o,Nathan das Prata", "ementa": "Os Vereadores que abaixo assinam, apresentam a Indica\u00e7\u00e3o para an\u00e1lise e delibera\u00e7\u00e3o do Plen\u00e1rio, solicitando ao Executivo Municipal junto ao setor competente, que sejam realizados reparos e o recapeamento das ruas do Bosque da Cachoeira, com aten\u00e7\u00e3o especial \u00e0 Rua A, localizada no bairro Cachoeira da Laje.", "situacao": "Mat\u00e9ria inclusa na Ordem do Dia \u2013 Vota\u00e7\u00e3o \u00danica"}, {"id": 29, "periodo": "expediente", "titulo": "Indica\u00e7\u00e3o n\u00ba 4 de 2026", "autor": "Edmar Kabad\u00e3o,Nathan das Prata", "ementa": "Os Vereadores que abaixo assinam, apresentam a Indica\u00e7\u00e3o para an\u00e1lise e delibera\u00e7\u00e3o do Plen\u00e1rio, solicitando ao Executivo Municipal para que, por meio do setor competente, providencie a instala\u00e7\u00e3o de ilumina\u00e7\u00e3o p\u00fablica na entrada do Loteamento Bosque da Cachoeira, localizado no bairro Cachoeira da Lage, nas proximidades da resid\u00eancia do Senhor Juvenal e do Senhor Edson, reiterando a Indica\u00e7\u00e3o n\u00ba 046, de 27 de janeiro de 2025.", "situacao": "Mat\u00e9ria inclusa na Ordem do Dia \u2013 Vota\u00e7\u00e3o \u00danica"}, {"id": 27, "periodo": "expediente", "titulo": "Indica\u00e7\u00e3o n\u00ba 5 de 2026", "autor": "Tiaguinho do Bol\u00e3o", "ementa": "O Vereador que abaixo assina apresenta a presente Indica\u00e7\u00e3o para an\u00e1lise e delibera\u00e7\u00e3o do Plen\u00e1rio, solicitando ao Executivo Municipal que, por meio do setor competente, analise a possibilidade de inclus\u00e3o do bairro Shangril\u00e1 no itiner\u00e1rio do transporte p\u00fablico \u201cTarifa Zero\u201d, atendendo a pedido da popula\u00e7\u00e3o local, bem como a disponibiliza\u00e7\u00e3o de, no m\u00ednimo, tr\u00eas hor\u00e1rios di\u00e1rios, sendo um no per\u00edodo da manh\u00e3, um no hor\u00e1rio de almo\u00e7o e um no per\u00edodo da tarde.", "situacao": "Mat\u00e9ria inclusa na Ordem do Dia \u2013 Vota\u00e7\u00e3o \u00danica"}, {"id": 28, "periodo": "expediente", "titulo": "Indica\u00e7\u00e3o n\u00ba 6 de 2026", "autor": "Tiaguinho do Bol\u00e3o", "ementa": "O Vereador que abaixo assina apresenta a presente Indica\u00e7\u00e3o para an\u00e1lise e delibera\u00e7\u00e3o do Plen\u00e1rio, solicitando ao Executivo Municipal que determine ao setor competente a an\u00e1lise da possibilidade de contrata\u00e7\u00e3o de empresa especializada na presta\u00e7\u00e3o de servi\u00e7os de tratamento endod\u00f4ntico, comumente conhecido como tratamento de canal, destinado aos pacientes assistidos pela rede p\u00fablica municipal de sa\u00fade.", "situacao": "Mat\u00e9ria inclusa na Ordem do Dia \u2013 Vota\u00e7\u00e3o \u00danica"}, {"id": 20, "periodo": "expediente", "titulo": "Indica\u00e7\u00e3o n\u00ba 7 de 2026", "autor": "Edmar Kabad\u00e3o", "ementa": "O Vereador que abaixo assina, apresenta a Indica\u00e7\u00e3o para an\u00e1lise e delibera\u00e7\u00e3o do Plen\u00e1rio, solicitando ao Executivo Municipal por meio do setor competente,  que providencie a instala\u00e7\u00e3o de internet no barrac\u00e3o da Feirinha do Produtor Rural, atendendo \u00e0 solicita\u00e7\u00e3o dos feirantes que ali exercem suas atividades.", "situacao": "Mat\u00e9ria inclusa na Ordem do Dia \u2013 Vota\u00e7\u00e3o \u00danica"}, {"id": 21, "periodo": "expediente", "titulo": "Indica\u00e7\u00e3o n\u00ba 8 de 2026", "autor": "Edmar Kabad\u00e3o", "ementa": "O Vereador que abaixo assina, apresenta a Indica\u00e7\u00e3o para an\u00e1lise e delibera\u00e7\u00e3o do Plen\u00e1rio, solicitando ao Executivo Municipal por meio do setor competente,  que analise a possibilidade de fornecer uniformes aos servidores do setor de Obras do munic\u00edpio.", "situacao": "Mat\u00e9ria inclusa na Ordem do Dia \u2013 Vota\u00e7\u00e3o \u00danica"}, {"id": 24, "periodo": "expediente", "titulo": "Indica\u00e7\u00e3o n\u00ba 9 de 2026", "autor": "Mateuzinho", "ementa": "O Vereador que abaixo assina, apresenta a Indica\u00e7\u00e3o para an\u00e1lise e delibera\u00e7\u00e3o do Plen\u00e1rio, solicitando ao Executivo Municipal por meio do setor competente,  que analise a possibilidade de fornecer uniformes e instrumentos musicais aos integrantes da Folia de Reis do Munic\u00edpio.", "situacao": "Mat\u00e9ria inclusa na Ordem do Dia \u2013 Vota\u00e7\u00e3o \u00danica"}, {"id": 23, "periodo": "expediente", "titulo": "Indica\u00e7\u00e3o n\u00ba 10 de 2026", "autor": "Tiaguinho do Bol\u00e3o", "ementa": "O Vereador que abaixo assina apresenta a presente Indica\u00e7\u00e3o para an\u00e1lise e delibera\u00e7\u00e3o do Plen\u00e1rio, solicitando ao Executivo Municipal junto \u00e0 Secretaria Municipal de Turismo a realiza\u00e7\u00e3o de uma campanha ampla, educativa e informativa destinada aos meios de hospedagem do munic\u00edpio (hot\u00e9is, pousadas e similares) visando \u00e0 divulga\u00e7\u00e3o e correta aplica\u00e7\u00e3o da Lei Geral do Turismo \u2013 Lei Federal n\u00ba 11.771/2008, regulamentada pelo Decreto n\u00ba 7.381/2010.", "situacao": "Mat\u00e9ria inclusa na Ordem do Dia \u2013 Vota\u00e7\u00e3o \u00danica"}, {"id": 26, "periodo": "expediente", "titulo": "Indica\u00e7\u00e3o n\u00ba 11 de 2026", "autor": "Jamir da Cachoeira", "ementa": "O Vereador que abaixo assina apresenta a presente Indica\u00e7\u00e3o para an\u00e1lise e delibera\u00e7\u00e3o do Plen\u00e1rio, solicitando ao Executivo Municipal por meio do Setor de Obras, que sejam realizados reparos e corre\u00e7\u00f5es no meio-fio da Rua I, localizada no Bairro Bosque da Cachoeira, no munic\u00edpio de Cachoeira da Lage.", "situacao": "Mat\u00e9ria inclusa na Ordem do Dia \u2013 Vota\u00e7\u00e3o \u00danica"}, {"id": 22, "periodo": "expediente", "titulo": "Indica\u00e7\u00e3o n\u00ba 12 de 2026", "autor": "Adriano da Cachoeira,Ant\u00f4nio Sirlei,Deusmar da Vera,Mateuzinho,Nathan das Prata", "ementa": "Os Vereadores que abaixo assinam apresentam a presente Indica\u00e7\u00e3o para an\u00e1lise e delibera\u00e7\u00e3o do Plen\u00e1rio, solicitando ao Executivo Municipal por meio do Setor Competente que estude a viabilidade e adote as provid\u00eancias necess\u00e1rias para a constru\u00e7\u00e3o de uma creche no centro do munic\u00edpio, visando atender \u00e0 demanda da popula\u00e7\u00e3o local. A presente Indica\u00e7\u00e3o reitera a Indica\u00e7\u00e3o n\u00ba 108/2025, anteriormente apresentada a esta Casa Legislativa.", "situacao": "Mat\u00e9ria inclusa na Ordem do Dia \u2013 Vota\u00e7\u00e3o \u00danica"}, {"id": 25, "periodo": "expediente", "titulo": "Indica\u00e7\u00e3o n\u00ba 13 de 2026", "autor": "Adriano da Cachoeira,Ant\u00f4nio Sirlei,Deusmar da Vera,Mateuzinho,Nathan das Prata", "ementa": "Os Vereadores que abaixo assinam apresentam a presente Indica\u00e7\u00e3o para an\u00e1lise e delibera\u00e7\u00e3o do Plen\u00e1rio, solicitando ao Executivo Municipal por meio do Setor Competente que adote as provid\u00eancias necess\u00e1rias para a reforma de todos os campos de futebol situados no munic\u00edpio. A presente Indica\u00e7\u00e3o reitera a Indica\u00e7\u00e3o n\u00ba 142/2025, anteriormente apresentada a esta Casa Legislativa.", "situacao": "Mat\u00e9ria inclusa na Ordem do Dia \u2013 Vota\u00e7\u00e3o \u00danica"}]}