{"headers": {"id": "ID", "ano": "Ano", "numero": "N\u00famero", "tipo__sigla": "Tipo de Mat\u00e9ria Legislativa/Sigla", "tipo__descricao": "Tipo de Mat\u00e9ria Legislativa/Descri\u00e7\u00e3o", "autoria": "Autorias", "texto_original": "Texto Original", "ementa": "Ementa"}, "results": [{"id": "60", "ano": "2026", "numero": "1", "tipo__sigla": "PLCCM", "tipo__descricao": "Projeto de Lei Complementar - CM", "autoria": "Mesa Diretora da C\u00e2mara Municipal - MD", "texto_original": "http://sapl.saojosedabarra.mg.leg.br/media/sapl/public/materialegislativa/2026/60/plc_001-2026-cm_-descongela_adicionais_covid_19.pdf", "ementa": "\u201cReconhece e descongela o per\u00edodo aquisitivo compreendido entre 28 de maio de 2020 a 31 de dezembro de 2021, autoriza o pagamento parcelado dos valores retroativos dele decorrentes, assegura a regularidade do pagamento dos adicionais futuros e altera a Lei de Diretrizes Or\u00e7ament\u00e1rias vigente para atender ao disposto no art. 169, \u00a7 1\u00ba, inciso II, da Constitui\u00e7\u00e3o Federal, nos termos da Lei Complementar Federal n\u00ba 226, de 12 de janeiro de 2026 e d\u00e1 outras provid\u00eancias.\u201d"}, {"id": "45", "ano": "2026", "numero": "8", "tipo__sigla": "PLO", "tipo__descricao": "Projeto de Lei Ordin\u00e1ria", "autoria": "Marcelo Rodrigues da Silva", "texto_original": "http://sapl.saojosedabarra.mg.leg.br/media/sapl/public/materialegislativa/2026/45/plo_008-2026_-_reurb.pdf", "ementa": "\"Disp\u00f5e sobre a regulariza\u00e7\u00e3o fundi\u00e1ria de n\u00facleos urbanos informais no Munic\u00edpio de S\u00e3o Jos\u00e9 da Barra/MG, cria o Programa de Regulariza\u00e7\u00e3o Fundi\u00e1ria e d\u00e1 outras provid\u00eancias.\""}, {"id": "61", "ano": "2026", "numero": "12", "tipo__sigla": "PLO", "tipo__descricao": "Projeto de Lei Ordin\u00e1ria", "autoria": "Marcelo Rodrigues da Silva", "texto_original": "http://sapl.saojosedabarra.mg.leg.br/media/sapl/public/materialegislativa/2026/61/pl_012_-_altera_lei_conselho_tutelar.pdf", "ementa": "Altera Lei n.\u00ba 791/2022 que \u201cAltera a Lei n\u00ba 264, de 11 de mar\u00e7o de 2008 e d\u00e1 outras provid\u00eancias.\u201d"}, {"id": "11", "ano": "2026", "numero": "1", "tipo__sigla": "EME", "tipo__descricao": "Emenda", "autoria": "CAFO - Comiss\u00e3o Permanente de Administra\u00e7\u00e3o Financeira e Or\u00e7ament\u00e1ria, CLJRF - Comiss\u00e3o Permanente de Legisla\u00e7\u00e3o, Justi\u00e7a e Reda\u00e7\u00e3o Final", "texto_original": "http://sapl.saojosedabarra.mg.leg.br/media/sapl/public/materialegislativa/2026/11/emenda_aditiva__001-2026-_plo_001-2026-_executivo.pdf", "ementa": "Emenda Aditiva n\u00ba 001/2026 ao Projeto de Lei Ordin\u00e1ria n\u00ba 001/2026, de autoria do Executivo Municipal, que \u201cDisp\u00f5e sobre o reajuste nos vencimentos dos servidores p\u00fablicos municipais e d\u00e1 outras provid\u00eancias\u201d."}, {"id": "47", "ano": "2026", "numero": "2", "tipo__sigla": "EME", "tipo__descricao": "Emenda", "autoria": "Mesa Diretora da C\u00e2mara Municipal - MD", "texto_original": "http://sapl.saojosedabarra.mg.leg.br/media/sapl/public/materialegislativa/2026/47/emenda_modificativa_-_plo_004-2026.pdf", "ementa": "Emenda Modificativa n\u00ba 001/2026 \u2013 Sequ\u00eancia SAPL n\u00ba 002/2026, ao Projeto de Lei Ordin\u00e1ria n\u00ba 004/2026, de autoria do Executivo Municipal, que \u201cInstitui Tratamento Fora do Domic\u00edlio -TDF, e d\u00e1 outras provid\u00eancias\u201d."}, {"id": "66", "ano": "2026", "numero": "3", "tipo__sigla": "EME", "tipo__descricao": "Emenda", "autoria": "CLJRF - Comiss\u00e3o Permanente de Legisla\u00e7\u00e3o, Justi\u00e7a e Reda\u00e7\u00e3o Final", "texto_original": "http://sapl.saojosedabarra.mg.leg.br/media/sapl/public/materialegislativa/2026/66/emenda_supressiva_-_plc_004-2026.pdf", "ementa": "Emenda Supressiva n\u00ba 001/2026 \u2013 Sequ\u00eancia SAPL n\u00ba 003/2026, ao Projeto de Lei Complementar n.\u00ba 004/2026, que \u201cAltera a Lei Complementar n\u00ba 021, de 24 de agosto de 2.007, que \u2018Disp\u00f5e sobre o Plano de Cargos e Vencimentos dos Servidores P\u00fablicos Municipais de S\u00e3o Jos\u00e9 da Barra/MG e d\u00e1 outras provid\u00eancias\u2019\u201d, de autoria do Executivo Municipal."}, {"id": "69", "ano": "2026", "numero": "6", "tipo__sigla": "EME", "tipo__descricao": "Emenda", "autoria": "CLJRF - Comiss\u00e3o Permanente de Legisla\u00e7\u00e3o, Justi\u00e7a e Reda\u00e7\u00e3o Final", "texto_original": "http://sapl.saojosedabarra.mg.leg.br/media/sapl/public/materialegislativa/2026/69/emenda_aditiva__001-2026-_plo_009-2026-_credito_adicional_especial_-_copia.pdf", "ementa": "Emenda Aditiva n\u00ba 001/2026 - Sequ\u00eancia SAPL n\u00ba 006/2026, ao Projeto de Lei Ordin\u00e1ria n\u00ba 009/2026, de autoria do Executivo Municipal, que \u201cDisp\u00f5e sobre a abertura de Cr\u00e9dito Adicional Especial e d\u00e1 outras provid\u00eancias\u201d."}, {"id": "70", "ano": "2026", "numero": "7", "tipo__sigla": "EME", "tipo__descricao": "Emenda", "autoria": "CLJRF - Comiss\u00e3o Permanente de Legisla\u00e7\u00e3o, Justi\u00e7a e Reda\u00e7\u00e3o Final", "texto_original": "http://sapl.saojosedabarra.mg.leg.br/media/sapl/public/materialegislativa/2026/70/emenda_modificativa__001-2026-_plo_009-2026-_credito_adicional_especial_-_copia.pdf", "ementa": "Emenda Modificativa n\u00ba 001/2026 - Sequ\u00eancia SAPL n\u00ba 007/2026, ao Projeto de Lei Ordin\u00e1ria n\u00ba 009/2026, de autoria do Executivo Municipal, que \u201cDisp\u00f5e sobre a abertura de Cr\u00e9dito Adicional Especial e d\u00e1 outras provid\u00eancias\u201d."}, {"id": "65", "ano": "2026", "numero": "8", "tipo__sigla": "EME", "tipo__descricao": "Emenda", "autoria": "CLJRF - Comiss\u00e3o Permanente de Legisla\u00e7\u00e3o, Justi\u00e7a e Reda\u00e7\u00e3o Final", "texto_original": "http://sapl.saojosedabarra.mg.leg.br/media/sapl/public/materialegislativa/2026/65/emenda_aditiva__001-2026-_plo_004-2026-_cm.pdf", "ementa": "Emenda Aditiva n\u00ba 001/2026 - Sequ\u00eancia SAPL n\u00ba 008/2026, ao Projeto de Lei Ordin\u00e1ria n\u00ba 004/2026-CM, de autoria da Mesa Diretora da C\u00e2mara Municipal de S\u00e3o Jos\u00e9 da Barra/MG, que \u201cCria o vale-alimenta\u00e7\u00e3o dos servidores p\u00fablicos municipais da C\u00e2mara e d\u00e1 outras provid\u00eancias\u201d."}, {"id": "71", "ano": "2026", "numero": "9", "tipo__sigla": "EME", "tipo__descricao": "Emenda", "autoria": "CLJRF - Comiss\u00e3o Permanente de Legisla\u00e7\u00e3o, Justi\u00e7a e Reda\u00e7\u00e3o Final", "texto_original": "http://sapl.saojosedabarra.mg.leg.br/media/sapl/public/materialegislativa/2026/71/emenda_aditiva__001-2026-_plo_008-2026-_reurb.pdf", "ementa": "Emenda Aditiva n\u00ba 001/2026 - Sequ\u00eancia SAPL n\u00ba 009/2026, ao Projeto de Lei Ordin\u00e1ria n\u00ba 008/2026, de autoria do Executivo Municipal, que \u201cDisp\u00f5e sobre a regulariza\u00e7\u00e3o fundi\u00e1ria de n\u00facleos urbanos informais no Munic\u00edpio de S\u00e3o Jos\u00e9 da Barra/MG, cria o Programa de Regulariza\u00e7\u00e3o Fundi\u00e1ria e d\u00e1 outras provid\u00eancias\u201d."}, {"id": "72", "ano": "2026", "numero": "10", "tipo__sigla": "EME", "tipo__descricao": "Emenda", "autoria": "CLJRF - Comiss\u00e3o Permanente de Legisla\u00e7\u00e3o, Justi\u00e7a e Reda\u00e7\u00e3o Final", "texto_original": "http://sapl.saojosedabarra.mg.leg.br/media/sapl/public/materialegislativa/2026/72/emenda_modificativa__001-2026-_plo_008-2026-_reurb.pdf", "ementa": "Emenda Modificativa n\u00ba 001/2026 - Sequ\u00eancia SAPL n\u00ba 010/2026, ao Projeto de Lei Ordin\u00e1ria n\u00ba 008/2026, de autoria do Executivo Municipal, que \u201cDisp\u00f5e sobre a regulariza\u00e7\u00e3o fundi\u00e1ria de n\u00facleos urbanos informais no Munic\u00edpio de S\u00e3o Jos\u00e9 da Barra/MG, cria o Programa de Regulariza\u00e7\u00e3o Fundi\u00e1ria e d\u00e1 outras provid\u00eancias\u201d."}, {"id": "30", "ano": "2026", "numero": "1", "tipo__sigla": "REQ", "tipo__descricao": "Requerimento", "autoria": "Adriano da Cachoeira, Ant\u00f4nio Sirlei, Deusmar da Vera, Mateuzinho, Nathan das Prata", "texto_original": "http://sapl.saojosedabarra.mg.leg.br/media/sapl/public/materialegislativa/2026/30/requerimento_001.pdf", "ementa": "Informa\u00e7\u00e3o sobre implanta\u00e7\u00e3o do itiner\u00e1rio do transporte coletivo \u201cTarifa Zero\u201d pelo bairro Shangril\u00e1."}, {"id": "68", "ano": "2026", "numero": "2", "tipo__sigla": "REQ", "tipo__descricao": "Requerimento", "autoria": "Tiaguinho do Bol\u00e3o", "texto_original": "http://sapl.saojosedabarra.mg.leg.br/media/sapl/public/materialegislativa/2026/68/requerimento_002_-_vereador_tiago-_acidente_de_transito_veiculo_do_municipio.pdf", "ementa": "Solicita informa\u00e7\u00f5es ao Prefeito sobre acidente com ve\u00edculo da frota municipal"}, {"id": "86", "ano": "2026", "numero": "3", "tipo__sigla": "REQ", "tipo__descricao": "Requerimento", "autoria": "Mesa Diretora da C\u00e2mara Municipal - MD", "texto_original": "http://sapl.saojosedabarra.mg.leg.br/media/sapl/public/materialegislativa/2026/86/requerimento_003-2026.pdf", "ementa": "A MESA DIRETORA DA C\u00c2MARA MUNICIPAL DE S\u00c3O JOS\u00c9 DA BARRA, no uso de suas atribui\u00e7\u00f5es, e com fundamento no artigo 181, inciso I, al\u00ednea \u201cb\u201d do Regimento Interno, solicita que o presente Projeto de Lei Ordin\u00e1ria n\u00ba 015/2026, de autoria do Executivo Municipal, que \u201cDisp\u00f5e sobre a abertura de Credito Adicional Especial e d\u00e1 outras provid\u00eancias\u201d, tr\u00e2mite em REGIME DE URG\u00caNCIA ESPECIAL."}, {"id": "88", "ano": "2026", "numero": "4", "tipo__sigla": "REQ", "tipo__descricao": "Requerimento", "autoria": "Adriano da Cachoeira, Ant\u00f4nio Sirlei, Deusmar da Vera, Mateuzinho, Nathan das Prata", "texto_original": "http://sapl.saojosedabarra.mg.leg.br/media/sapl/public/materialegislativa/2026/88/requerimento_004.pdf", "ementa": "O Vereador que este subscreve, com o apoio dos demais vereadores abaixo-assinados, no uso de suas atribui\u00e7\u00f5es legais e regimentais, v\u00eam, respeitosamente, requerer ao Poder Executivo Municipal que analise a viabilidade para a constru\u00e7\u00e3o de uma nova unidade mista de sa\u00fade(UMS) no terreno de propriedade do munic\u00edpio, localizado nas proximidades do antigo barrac\u00e3o do CODEC."}, {"id": "17", "ano": "2026", "numero": "1", "tipo__sigla": "IND", "tipo__descricao": "Indica\u00e7\u00e3o", "autoria": "Edmar Kabad\u00e3o", "texto_original": "http://sapl.saojosedabarra.mg.leg.br/media/sapl/public/materialegislativa/2026/17/indicacao_001.pdf", "ementa": "O Vereador que abaixo assina, apresenta a Indica\u00e7\u00e3o para an\u00e1lise e delibera\u00e7\u00e3o do Plen\u00e1rio, solicitando ao Executivo Municipal que por meio do setor competente, que seja providenciada a aquisi\u00e7\u00e3o de um bebedouro industrial para o Vel\u00f3rio Municipal."}, {"id": "18", "ano": "2026", "numero": "2", "tipo__sigla": "IND", "tipo__descricao": "Indica\u00e7\u00e3o", "autoria": "Edmar Kabad\u00e3o", "texto_original": "http://sapl.saojosedabarra.mg.leg.br/media/sapl/public/materialegislativa/2026/18/indicacao_002.pdf", "ementa": "O Vereador que abaixo assina, apresenta a Indica\u00e7\u00e3o para an\u00e1lise e delibera\u00e7\u00e3o do Plen\u00e1rio, solicitando ao Executivo Municipal por meio do setor competente, que seja analisada a possibilidade de constru\u00e7\u00e3o de mais salas de vel\u00f3rio no Vel\u00f3rio Municipal, visando melhorar o atendimento \u00e0 popula\u00e7\u00e3o."}, {"id": "19", "ano": "2026", "numero": "3", "tipo__sigla": "IND", "tipo__descricao": "Indica\u00e7\u00e3o", "autoria": "Edmar Kabad\u00e3o, Nathan das Prata", "texto_original": "http://sapl.saojosedabarra.mg.leg.br/media/sapl/public/materialegislativa/2026/19/indicacao_003.pdf", "ementa": "Os Vereadores que abaixo assinam, apresentam a Indica\u00e7\u00e3o para an\u00e1lise e delibera\u00e7\u00e3o do Plen\u00e1rio, solicitando ao Executivo Municipal junto ao setor competente, que sejam realizados reparos e o recapeamento das ruas do Bosque da Cachoeira, com aten\u00e7\u00e3o especial \u00e0 Rua A, localizada no bairro Cachoeira da Laje."}, {"id": "29", "ano": "2026", "numero": "4", "tipo__sigla": "IND", "tipo__descricao": "Indica\u00e7\u00e3o", "autoria": "Edmar Kabad\u00e3o, Nathan das Prata", "texto_original": "http://sapl.saojosedabarra.mg.leg.br/media/sapl/public/materialegislativa/2026/29/indicacao_004.pdf", "ementa": "Os Vereadores que abaixo assinam, apresentam a Indica\u00e7\u00e3o para an\u00e1lise e delibera\u00e7\u00e3o do Plen\u00e1rio, solicitando ao Executivo Municipal para que, por meio do setor competente, providencie a instala\u00e7\u00e3o de ilumina\u00e7\u00e3o p\u00fablica na entrada do Loteamento Bosque da Cachoeira, localizado no bairro Cachoeira da Lage, nas proximidades da resid\u00eancia do Senhor Juvenal e do Senhor Edson, reiterando a Indica\u00e7\u00e3o n\u00ba 046, de 27 de janeiro de 2025."}, {"id": "27", "ano": "2026", "numero": "5", "tipo__sigla": "IND", "tipo__descricao": "Indica\u00e7\u00e3o", "autoria": "Tiaguinho do Bol\u00e3o", "texto_original": "http://sapl.saojosedabarra.mg.leg.br/media/sapl/public/materialegislativa/2026/27/indicacao_005.pdf", "ementa": "O Vereador que abaixo assina apresenta a presente Indica\u00e7\u00e3o para an\u00e1lise e delibera\u00e7\u00e3o do Plen\u00e1rio, solicitando ao Executivo Municipal que, por meio do setor competente, analise a possibilidade de inclus\u00e3o do bairro Shangril\u00e1 no itiner\u00e1rio do transporte p\u00fablico \u201cTarifa Zero\u201d, atendendo a pedido da popula\u00e7\u00e3o local, bem como a disponibiliza\u00e7\u00e3o de, no m\u00ednimo, tr\u00eas hor\u00e1rios di\u00e1rios, sendo um no per\u00edodo da manh\u00e3, um no hor\u00e1rio de almo\u00e7o e um no per\u00edodo da tarde."}, {"id": "28", "ano": "2026", "numero": "6", "tipo__sigla": "IND", "tipo__descricao": "Indica\u00e7\u00e3o", "autoria": "Tiaguinho do Bol\u00e3o", "texto_original": "http://sapl.saojosedabarra.mg.leg.br/media/sapl/public/materialegislativa/2026/28/indicacao_006.pdf", "ementa": "O Vereador que abaixo assina apresenta a presente Indica\u00e7\u00e3o para an\u00e1lise e delibera\u00e7\u00e3o do Plen\u00e1rio, solicitando ao Executivo Municipal que determine ao setor competente a an\u00e1lise da possibilidade de contrata\u00e7\u00e3o de empresa especializada na presta\u00e7\u00e3o de servi\u00e7os de tratamento endod\u00f4ntico, comumente conhecido como tratamento de canal, destinado aos pacientes assistidos pela rede p\u00fablica municipal de sa\u00fade."}, {"id": "20", "ano": "2026", "numero": "7", "tipo__sigla": "IND", "tipo__descricao": "Indica\u00e7\u00e3o", "autoria": "Edmar Kabad\u00e3o", "texto_original": "http://sapl.saojosedabarra.mg.leg.br/media/sapl/public/materialegislativa/2026/20/indicacao_007.pdf", "ementa": "O Vereador que abaixo assina, apresenta a Indica\u00e7\u00e3o para an\u00e1lise e delibera\u00e7\u00e3o do Plen\u00e1rio, solicitando ao Executivo Municipal por meio do setor competente,  que providencie a instala\u00e7\u00e3o de internet no barrac\u00e3o da Feirinha do Produtor Rural, atendendo \u00e0 solicita\u00e7\u00e3o dos feirantes que ali exercem suas atividades."}, {"id": "21", "ano": "2026", "numero": "8", "tipo__sigla": "IND", "tipo__descricao": "Indica\u00e7\u00e3o", "autoria": "Edmar Kabad\u00e3o", "texto_original": "http://sapl.saojosedabarra.mg.leg.br/media/sapl/public/materialegislativa/2026/21/indicacao_008.pdf", "ementa": "O Vereador que abaixo assina, apresenta a Indica\u00e7\u00e3o para an\u00e1lise e delibera\u00e7\u00e3o do Plen\u00e1rio, solicitando ao Executivo Municipal por meio do setor competente,  que analise a possibilidade de fornecer uniformes aos servidores do setor de Obras do munic\u00edpio."}, {"id": "24", "ano": "2026", "numero": "9", "tipo__sigla": "IND", "tipo__descricao": "Indica\u00e7\u00e3o", "autoria": "Mateuzinho", "texto_original": "http://sapl.saojosedabarra.mg.leg.br/media/sapl/public/materialegislativa/2026/24/indicacao_009.pdf", "ementa": "O Vereador que abaixo assina, apresenta a Indica\u00e7\u00e3o para an\u00e1lise e delibera\u00e7\u00e3o do Plen\u00e1rio, solicitando ao Executivo Municipal por meio do setor competente,  que analise a possibilidade de fornecer uniformes e instrumentos musicais aos integrantes da Folia de Reis do Munic\u00edpio."}, {"id": "23", "ano": "2026", "numero": "10", "tipo__sigla": "IND", "tipo__descricao": "Indica\u00e7\u00e3o", "autoria": "Tiaguinho do Bol\u00e3o", "texto_original": "http://sapl.saojosedabarra.mg.leg.br/media/sapl/public/materialegislativa/2026/23/indicacao_010.pdf", "ementa": "O Vereador que abaixo assina apresenta a presente Indica\u00e7\u00e3o para an\u00e1lise e delibera\u00e7\u00e3o do Plen\u00e1rio, solicitando ao Executivo Municipal junto \u00e0 Secretaria Municipal de Turismo a realiza\u00e7\u00e3o de uma campanha ampla, educativa e informativa destinada aos meios de hospedagem do munic\u00edpio (hot\u00e9is, pousadas e similares) visando \u00e0 divulga\u00e7\u00e3o e correta aplica\u00e7\u00e3o da Lei Geral do Turismo \u2013 Lei Federal n\u00ba 11.771/2008, regulamentada pelo Decreto n\u00ba 7.381/2010."}, {"id": "26", "ano": "2026", "numero": "11", "tipo__sigla": "IND", "tipo__descricao": "Indica\u00e7\u00e3o", "autoria": "Jamir da Cachoeira", "texto_original": "http://sapl.saojosedabarra.mg.leg.br/media/sapl/public/materialegislativa/2026/26/indicacao_011.pdf", "ementa": "O Vereador que abaixo assina apresenta a presente Indica\u00e7\u00e3o para an\u00e1lise e delibera\u00e7\u00e3o do Plen\u00e1rio, solicitando ao Executivo Municipal por meio do Setor de Obras, que sejam realizados reparos e corre\u00e7\u00f5es no meio-fio da Rua I, localizada no Bairro Bosque da Cachoeira, no munic\u00edpio de Cachoeira da Lage."}, {"id": "22", "ano": "2026", "numero": "12", "tipo__sigla": "IND", "tipo__descricao": "Indica\u00e7\u00e3o", "autoria": "Adriano da Cachoeira, Ant\u00f4nio Sirlei, Deusmar da Vera, Mateuzinho, Nathan das Prata", "texto_original": "http://sapl.saojosedabarra.mg.leg.br/media/sapl/public/materialegislativa/2026/22/indicacao_012.pdf", "ementa": "Os Vereadores que abaixo assinam apresentam a presente Indica\u00e7\u00e3o para an\u00e1lise e delibera\u00e7\u00e3o do Plen\u00e1rio, solicitando ao Executivo Municipal por meio do Setor Competente que estude a viabilidade e adote as provid\u00eancias necess\u00e1rias para a constru\u00e7\u00e3o de uma creche no centro do munic\u00edpio, visando atender \u00e0 demanda da popula\u00e7\u00e3o local. A presente Indica\u00e7\u00e3o reitera a Indica\u00e7\u00e3o n\u00ba 108/2025, anteriormente apresentada a esta Casa Legislativa."}, {"id": "25", "ano": "2026", "numero": "13", "tipo__sigla": "IND", "tipo__descricao": "Indica\u00e7\u00e3o", "autoria": "Adriano da Cachoeira, Ant\u00f4nio Sirlei, Deusmar da Vera, Mateuzinho, Nathan das Prata", "texto_original": "http://sapl.saojosedabarra.mg.leg.br/media/sapl/public/materialegislativa/2026/25/indicacao_013.pdf", "ementa": "Os Vereadores que abaixo assinam apresentam a presente Indica\u00e7\u00e3o para an\u00e1lise e delibera\u00e7\u00e3o do Plen\u00e1rio, solicitando ao Executivo Municipal por meio do Setor Competente que adote as provid\u00eancias necess\u00e1rias para a reforma de todos os campos de futebol situados no munic\u00edpio. A presente Indica\u00e7\u00e3o reitera a Indica\u00e7\u00e3o n\u00ba 142/2025, anteriormente apresentada a esta Casa Legislativa."}, {"id": "32", "ano": "2026", "numero": "14", "tipo__sigla": "IND", "tipo__descricao": "Indica\u00e7\u00e3o", "autoria": "Adriano da Cachoeira", "texto_original": "http://sapl.saojosedabarra.mg.leg.br/media/sapl/public/materialegislativa/2026/32/indicacao_014.pdf", "ementa": "O Vereador que abaixo assina apresenta a presente Indica\u00e7\u00e3o para an\u00e1lise e delibera\u00e7\u00e3o do Plen\u00e1rio, solicitando ao Executivo Municipal por meio do Setor Competente a viabilidade de constru\u00e7\u00e3o de uma quadra de areia, destinada \u00e0 pr\u00e1tica de beach t\u00eanis, v\u00f4lei de areia e futev\u00f4lei, no bairro Cachoeira da Lage."}, {"id": "33", "ano": "2026", "numero": "15", "tipo__sigla": "IND", "tipo__descricao": "Indica\u00e7\u00e3o", "autoria": "Adriano da Cachoeira", "texto_original": "http://sapl.saojosedabarra.mg.leg.br/media/sapl/public/materialegislativa/2026/33/indicacao_015.pdf", "ementa": "O Vereador que abaixo assina apresenta a presente Indica\u00e7\u00e3o para an\u00e1lise e delibera\u00e7\u00e3o do Plen\u00e1rio, solicitando ao Executivo Municipal por meio do Setor Competente a constru\u00e7\u00e3o de um coreto na pra\u00e7a do bairro Cachoeira da Lage, com o intuito de abrigar apresenta\u00e7\u00f5es de bandas musicais, eventos culturais, atividades comunit\u00e1rias e outras manifesta\u00e7\u00f5es art\u00edsticas."}, {"id": "34", "ano": "2026", "numero": "16", "tipo__sigla": "IND", "tipo__descricao": "Indica\u00e7\u00e3o", "autoria": "Adriano da Cachoeira, Ant\u00f4nio Sirlei, Deusmar da Vera, Mateuzinho, Nathan das Prata, Tiaguinho do Bol\u00e3o", "texto_original": "http://sapl.saojosedabarra.mg.leg.br/media/sapl/public/materialegislativa/2026/34/indicacao_016.pdf", "ementa": "O Vereador que abaixo assina apresenta a presente Indica\u00e7\u00e3o para an\u00e1lise e delibera\u00e7\u00e3o do Plen\u00e1rio, solicitando ao Executivo Municipal por meio do Setor Competente que sejam adotadas as provid\u00eancias necess\u00e1rias para a instala\u00e7\u00e3o de ilumina\u00e7\u00e3o adequada no campo de futebol localizado na zona rural da Mata."}, {"id": "35", "ano": "2026", "numero": "17", "tipo__sigla": "IND", "tipo__descricao": "Indica\u00e7\u00e3o", "autoria": "Adriano da Cachoeira, Ant\u00f4nio Sirlei, Deusmar da Vera, Mateuzinho, Nathan das Prata, Tiaguinho do Bol\u00e3o", "texto_original": "http://sapl.saojosedabarra.mg.leg.br/media/sapl/public/materialegislativa/2026/35/indicacao_017.pdf", "ementa": "O Vereador que abaixo assina apresenta a presente Indica\u00e7\u00e3o para an\u00e1lise e delibera\u00e7\u00e3o do Plen\u00e1rio, solicitando ao Executivo Municipal por meio do Setor Competente e \u00e0 concession\u00e1ria de energia el\u00e9trica respons\u00e1vel, que sejam envidados esfor\u00e7os no sentido de viabilizar a constru\u00e7\u00e3o de uma subesta\u00e7\u00e3o de energia el\u00e9trica no munic\u00edpio."}, {"id": "36", "ano": "2026", "numero": "18", "tipo__sigla": "IND", "tipo__descricao": "Indica\u00e7\u00e3o", "autoria": "Adriano da Cachoeira, Ant\u00f4nio Sirlei, Deusmar da Vera, Mateuzinho, Nathan das Prata", "texto_original": "http://sapl.saojosedabarra.mg.leg.br/media/sapl/public/materialegislativa/2026/36/indicacao_018.pdf", "ementa": "O Vereador que abaixo assina apresenta a presente Indica\u00e7\u00e3o para an\u00e1lise e delibera\u00e7\u00e3o do Plen\u00e1rio, solicitando ao Executivo Municipal por meio do Setor Competente a necessidade de coloca\u00e7\u00e3o de manilhas na Rua Ramiro Moura, nas proximidades do dep\u00f3sito de materiais de constru\u00e7\u00e3o Du Papai."}, {"id": "37", "ano": "2026", "numero": "19", "tipo__sigla": "IND", "tipo__descricao": "Indica\u00e7\u00e3o", "autoria": "Adriano da Cachoeira", "texto_original": "http://sapl.saojosedabarra.mg.leg.br/media/sapl/public/materialegislativa/2026/37/indicacao_019.pdf", "ementa": "O Vereador que abaixo assina apresenta a presente Indica\u00e7\u00e3o para an\u00e1lise e delibera\u00e7\u00e3o do Plen\u00e1rio, solicitando ao Executivo Municipal por meio do Setor Competente a necessidade de coloca\u00e7\u00e3o de manilhas nas proximidades da ro\u00e7a do Sr. Jo\u00e3o Roberto e do Parque de Exposi\u00e7\u00f5es."}, {"id": "46", "ano": "2026", "numero": "20", "tipo__sigla": "IND", "tipo__descricao": "Indica\u00e7\u00e3o", "autoria": "Nathan das Prata", "texto_original": "http://sapl.saojosedabarra.mg.leg.br/media/sapl/public/materialegislativa/2026/46/indicacao_020_-_nathan_-_recapeamento_da_estrada_chegando_no_bairro_bom_jesus_dos_campos.pdf", "ementa": "O Vereador que abaixo assina apresenta a presente Indica\u00e7\u00e3o para an\u00e1lise e delibera\u00e7\u00e3o do Plen\u00e1rio, solicitando ao Executivo Municipal por meio do Setor Competente que realize recapeamento asf\u00e1ltico na via pr\u00f3ximo ao Distrito de Bom Jesus dos Campos."}, {"id": "48", "ano": "2026", "numero": "21", "tipo__sigla": "IND", "tipo__descricao": "Indica\u00e7\u00e3o", "autoria": "Adriano da Cachoeira", "texto_original": "http://sapl.saojosedabarra.mg.leg.br/media/sapl/public/materialegislativa/2026/48/indicacao_021.pdf", "ementa": "O Vereador que abaixo assina apresenta a presente Indica\u00e7\u00e3o para an\u00e1lise e delibera\u00e7\u00e3o do Plen\u00e1rio, solicitando ao Executivo Municipal junto \u00e0 Secretaria competente a realiza\u00e7\u00e3o de estudo de viabilidade para implanta\u00e7\u00e3o de treinamento de primeiros socorros nas escolas da rede municipal de ensino."}, {"id": "49", "ano": "2026", "numero": "22", "tipo__sigla": "IND", "tipo__descricao": "Indica\u00e7\u00e3o", "autoria": "Jamir da Cachoeira", "texto_original": "http://sapl.saojosedabarra.mg.leg.br/media/sapl/public/materialegislativa/2026/49/indicacao_022.pdf", "ementa": "O Vereador que abaixo assina apresenta a presente Indica\u00e7\u00e3o para an\u00e1lise e delibera\u00e7\u00e3o do Plen\u00e1rio, solicitando ao Executivo Municipal, por meio do setor competente, que seja analisada a viabilidade da instala\u00e7\u00e3o de um redutor de velocidade (quebra-molas) na via que liga o Centro \u00e0 Figueira, mais precisamente logo ap\u00f3s a madeireira, na entrada da estrada que d\u00e1 acesso \u00e0 resid\u00eancia da Senhora Ivanilsa."}, {"id": "50", "ano": "2026", "numero": "23", "tipo__sigla": "IND", "tipo__descricao": "Indica\u00e7\u00e3o", "autoria": "Nadinho Bueno", "texto_original": "http://sapl.saojosedabarra.mg.leg.br/media/sapl/public/materialegislativa/2026/50/indicacao_023.pdf", "ementa": "O Vereador que abaixo subscreve, no uso de suas atribui\u00e7\u00f5es legais, apresenta \u00e0 aprecia\u00e7\u00e3o e delibera\u00e7\u00e3o do Plen\u00e1rio a presente Indica\u00e7\u00e3o, reiterando a Indica\u00e7\u00e3o n\u00b0 149/2025, para que seja encaminhada ao Poder Executivo Municipal, por meio da Secretaria competente, solicitando estudo de viabilidade para o aumento da ajuda de custo destinada aos servidores que atuam em regime de plant\u00e3o na Unidade Mista de Sa\u00fade do munic\u00edpio."}, {"id": "55", "ano": "2026", "numero": "24", "tipo__sigla": "IND", "tipo__descricao": "Indica\u00e7\u00e3o", "autoria": "Adriano da Cachoeira, Mateuzinho", "texto_original": "http://sapl.saojosedabarra.mg.leg.br/media/sapl/public/materialegislativa/2026/55/indicacao_024.pdf", "ementa": "Os Vereadores que abaixo assinam apresentam a presente Indica\u00e7\u00e3o para an\u00e1lise e delibera\u00e7\u00e3o do Plen\u00e1rio, solicitando ao Executivo Municipal, junto \u00e0 Secretaria Municipal de Administra\u00e7\u00e3o e Finan\u00e7as, a realiza\u00e7\u00e3o de estudo t\u00e9cnico e an\u00e1lise de viabilidade financeira para proceder o pagamento aos servidores p\u00fablicos municipais que possuem direito aos valores retroativos referentes a anu\u00eanios, tri\u00eanios, quinqu\u00eanios, sexta parte, licen\u00e7a-pr\u00eamio e demais mecanismos equivalentes, que ficaram congelados durante o per\u00edodo da pandemia de Covid-19."}, {"id": "56", "ano": "2026", "numero": "25", "tipo__sigla": "IND", "tipo__descricao": "Indica\u00e7\u00e3o", "autoria": "Tiaguinho do Bol\u00e3o", "texto_original": "http://sapl.saojosedabarra.mg.leg.br/media/sapl/public/materialegislativa/2026/56/indicacao_025.pdf", "ementa": "O Vereador que abaixo assina apresenta a presente Indica\u00e7\u00e3o para an\u00e1lise e delibera\u00e7\u00e3o do Plen\u00e1rio, solicitando ao Executivo Municipal junto \u00e0 Secretaria competente, que sejam adotadas as provid\u00eancias necess\u00e1rias para a constru\u00e7\u00e3o de um playground adaptado para crian\u00e7as com defici\u00eancia e crian\u00e7as com Transtorno do Espectro Autista (TEA) em espa\u00e7os p\u00fablicos do munic\u00edpio."}, {"id": "57", "ano": "2026", "numero": "26", "tipo__sigla": "IND", "tipo__descricao": "Indica\u00e7\u00e3o", "autoria": "Tiaguinho do Bol\u00e3o", "texto_original": "http://sapl.saojosedabarra.mg.leg.br/media/sapl/public/materialegislativa/2026/57/indicacao_026.pdf", "ementa": "O Vereador que abaixo assina apresenta a presente Indica\u00e7\u00e3o para an\u00e1lise e delibera\u00e7\u00e3o do Plen\u00e1rio, solicitando ao Executivo Municipal por meio da Secretaria Municipal de Sa\u00fade, que seja realizada a aquisi\u00e7\u00e3o e instala\u00e7\u00e3o de frald\u00e1rios na Unidade de Sa\u00fade e nos PSF\u2019s do munic\u00edpio."}, {"id": "58", "ano": "2026", "numero": "27", "tipo__sigla": "IND", "tipo__descricao": "Indica\u00e7\u00e3o", "autoria": "Mateuzinho", "texto_original": "http://sapl.saojosedabarra.mg.leg.br/media/sapl/public/materialegislativa/2026/58/indicacao_027.pdf", "ementa": "O Vereador que abaixo assina, apresenta a Indica\u00e7\u00e3o para an\u00e1lise e delibera\u00e7\u00e3o do Plen\u00e1rio, solicitando ao Executivo Municipal por meio junto \u00e0 Secretaria de Sa\u00fade, que seja disponibilizado tratamento para combate \u00e0 obesidade, por meio do uso de canetas emagrecedoras, como forma de proporcionar melhor qualidade de vida aos pacientes com obesidade severa no munic\u00edpio."}, {"id": "59", "ano": "2026", "numero": "28", "tipo__sigla": "IND", "tipo__descricao": "Indica\u00e7\u00e3o", "autoria": "Adriano da Cachoeira", "texto_original": "http://sapl.saojosedabarra.mg.leg.br/media/sapl/public/materialegislativa/2026/59/indicacao_028.pdf", "ementa": "O Vereador que abaixo assina apresenta a presente Indica\u00e7\u00e3o para an\u00e1lise e delibera\u00e7\u00e3o do Plen\u00e1rio, solicitando ao Executivo Municipal por meio da Secretaria Municipal de Turismo, Esporte e Lazer, a ado\u00e7\u00e3o das medidas necess\u00e1rias para a implanta\u00e7\u00e3o de processo de credenciamento art\u00edstico municipal, com a finalidade de fomentar, valorizar e estruturar o setor cultural local."}, {"id": "64", "ano": "2026", "numero": "29", "tipo__sigla": "IND", "tipo__descricao": "Indica\u00e7\u00e3o", "autoria": "Jamir da Cachoeira", "texto_original": "http://sapl.saojosedabarra.mg.leg.br/media/sapl/public/materialegislativa/2026/64/indicacao_029.pdf", "ementa": "O Vereador que abaixo assina apresenta a presente Indica\u00e7\u00e3o para an\u00e1lise e delibera\u00e7\u00e3o do Plen\u00e1rio, solicitando ao Executivo Municipal, junto \u00e0 Secretaria de Obras, que realize um estudo t\u00e9cnico para verificar a viabilidade de execu\u00e7\u00e3o de reparos nas cal\u00e7adas do bairro Cachoeira da Lage."}, {"id": "73", "ano": "2026", "numero": "30", "tipo__sigla": "IND", "tipo__descricao": "Indica\u00e7\u00e3o", "autoria": "Tiaguinho do Bol\u00e3o", "texto_original": "http://sapl.saojosedabarra.mg.leg.br/media/sapl/public/materialegislativa/2026/73/indicacao_030.pdf", "ementa": "O Vereador que abaixo assina apresenta a presente Indica\u00e7\u00e3o para an\u00e1lise e delibera\u00e7\u00e3o do Plen\u00e1rio, solicitando ao Executivo Municipal por meio do setor  de obras, que seja providenciada a constru\u00e7\u00e3o de uma rampa de acesso no local de embarque e desembarque da balsa que atende o trajeto entre o porto de S\u00e3o Jos\u00e9 da Barra e Guap\u00e9."}, {"id": "74", "ano": "2026", "numero": "31", "tipo__sigla": "IND", "tipo__descricao": "Indica\u00e7\u00e3o", "autoria": "Deusmar da Vera", "texto_original": "http://sapl.saojosedabarra.mg.leg.br/media/sapl/public/materialegislativa/2026/74/indicacao_031.pdf", "ementa": "O Vereador que abaixo assina apresenta a presente Indica\u00e7\u00e3o para an\u00e1lise e delibera\u00e7\u00e3o do Plen\u00e1rio, solicitando ao Executivo Municipal junto ao setor competente, que seja providenciada a realiza\u00e7\u00e3o de uma limpeza geral no Parque de Exposi\u00e7\u00f5es do munic\u00edpio."}, {"id": "77", "ano": "2026", "numero": "32", "tipo__sigla": "IND", "tipo__descricao": "Indica\u00e7\u00e3o", "autoria": "Tiaguinho do Bol\u00e3o", "texto_original": "http://sapl.saojosedabarra.mg.leg.br/media/sapl/public/materialegislativa/2026/77/indicacao_032.pdf", "ementa": "O Vereador que abaixo assina apresenta a presente Indica\u00e7\u00e3o para an\u00e1lise e delibera\u00e7\u00e3o do Plen\u00e1rio, solicitando ao Executivo Municipal por meio do setor de obras, realizados estudos t\u00e9cnicos para constru\u00e7\u00e3o de uma \u00e1rea de lazer equipada com sistema de ilumina\u00e7\u00e3o fotovoltaica no Porto de S\u00e3o Jos\u00e9 da Barra/ Guap\u00e9 local conhecido como Porto do Guap\u00e9."}, {"id": "78", "ano": "2026", "numero": "33", "tipo__sigla": "IND", "tipo__descricao": "Indica\u00e7\u00e3o", "autoria": "Tiaguinho do Bol\u00e3o", "texto_original": "http://sapl.saojosedabarra.mg.leg.br/media/sapl/public/materialegislativa/2026/78/indicacao_033.pdf", "ementa": "O Vereador que abaixo assina apresenta a presente Indica\u00e7\u00e3o para an\u00e1lise e delibera\u00e7\u00e3o do Plen\u00e1rio, solicitando ao Executivo Municipal que seja encaminhado ao Secret\u00e1rio Municipal de Educa\u00e7\u00e3o o Projeto-piloto: Identifica\u00e7\u00e3o e Enriquecimento Curricular para Estudantes com Altas Habilidades/Superdota\u00e7\u00e3o (AH/SD) e Capacita\u00e7\u00e3o de Educadores, em anexo, para que seja avaliada a possibilidade de sua implanta\u00e7\u00e3o no munic\u00edpio."}, {"id": "79", "ano": "2026", "numero": "34", "tipo__sigla": "IND", "tipo__descricao": "Indica\u00e7\u00e3o", "autoria": "Nadinho Bueno", "texto_original": "http://sapl.saojosedabarra.mg.leg.br/media/sapl/public/materialegislativa/2026/79/indicacao_034.pdf", "ementa": "O Vereador que abaixo assina apresenta a presente Indica\u00e7\u00e3o para an\u00e1lise e delibera\u00e7\u00e3o do Plen\u00e1rio, solicitando ao Executivo Municipal, por meio da Secretaria de Obras, que estude a viabilidade da constru\u00e7\u00e3o de um quebra-molas na entrada da estrada da Fazenda do Sr. Ant\u00f4nio Quirino, localizada aproximadamente a 500 metros antes do aterro."}, {"id": "80", "ano": "2026", "numero": "35", "tipo__sigla": "IND", "tipo__descricao": "Indica\u00e7\u00e3o", "autoria": "Mateuzinho, Nathan das Prata", "texto_original": "http://sapl.saojosedabarra.mg.leg.br/media/sapl/public/materialegislativa/2026/80/indicacao_035.pdf", "ementa": "O Vereador que abaixo assina apresenta a presente Indica\u00e7\u00e3o para an\u00e1lise e delibera\u00e7\u00e3o do Plen\u00e1rio, reiterando a indica\u00e7\u00e3o n\u00ba 76/2025, solicitando ao Executivo Municipal, por meio da Secretaria de Obras, que sejam adotadas as provid\u00eancias necess\u00e1rias com a m\u00e1xima agilidade para a constru\u00e7\u00e3o de uma pra\u00e7a p\u00fablica no Loteamento Bosque da Cachoeira, localizado no Bairro Cachoeira da Lage."}, {"id": "87", "ano": "2026", "numero": "36", "tipo__sigla": "IND", "tipo__descricao": "Indica\u00e7\u00e3o", "autoria": "Adriano da Cachoeira, Tiaguinho do Bol\u00e3o", "texto_original": "http://sapl.saojosedabarra.mg.leg.br/media/sapl/public/materialegislativa/2026/87/indicacao_036-_tiago_e_adriano_-_aquisicao_de_poltronas_e_lencois_para_unidade_de_saude.pdf", "ementa": "Os Vereadores que abaixo assinam apresentam a presente Indica\u00e7\u00e3o para an\u00e1lise e delibera\u00e7\u00e3o do Plen\u00e1rio, solicitando ao Executivo Municipal junto \u00e0 Secretaria Municipal de Sa\u00fade, a ado\u00e7\u00e3o de provid\u00eancias visando a melhoria das condi\u00e7\u00f5es de atendimento na unidade de sa\u00fade do munic\u00edpio."}, {"id": "39", "ano": "2026", "numero": "1", "tipo__sigla": "PR", "tipo__descricao": "Parecer Pr\u00e9vio Do Tribunal De Contas", "autoria": "", "texto_original": "http://sapl.saojosedabarra.mg.leg.br/media/sapl/public/materialegislativa/2026/39/parecer_previo.pdf", "ementa": "Parecer Pr\u00e9vio do Tribunal de Contas do Estado de Minas Gerais \u2013 Processo Eletr\u00f4nico n\u00ba 1120928 \u2013 Exerc\u00edcio 2021."}]}