{"headers": {"id": "ID", "ano": "Ano", "numero": "N\u00famero", "tipo__sigla": "Tipo de Mat\u00e9ria Legislativa/Sigla", "tipo__descricao": "Tipo de Mat\u00e9ria Legislativa/Descri\u00e7\u00e3o", "autoria": "Autorias", "texto_original": "Texto Original", "ementa": "Ementa"}, "results": [{"id": "1", "ano": "2026", "numero": "1", "tipo__sigla": "PLO", "tipo__descricao": "Projeto de Lei Ordin\u00e1ria", "autoria": "Marcelo Rodrigues da Silva", "texto_original": "http://sapl.saojosedabarra.mg.leg.br/media/sapl/public/materialegislativa/2026/1/pl_001_-_reajuste_servidores.pdf", "ementa": "\"Disp\u00f5e sobre reajuste nos vencimentos dos servidores p\u00fablicos municipais e d\u00e1 outras provid\u00eancias.\""}, {"id": "8", "ano": "2026", "numero": "1", "tipo__sigla": "PLOCM", "tipo__descricao": "Projeto de Lei Ordin\u00e1ria - CM", "autoria": "Mesa Diretora da C\u00e2mara Municipal - MD", "texto_original": "http://sapl.saojosedabarra.mg.leg.br/media/sapl/public/materialegislativa/2026/8/plo_001-2026-cm_-_reajuste_servidores_camara.pdf", "ementa": "\u201cDisp\u00f5e sobre reajuste nos vencimentos dos servidores p\u00fablicos da C\u00e2mara Municipal de S\u00e3o Jos\u00e9 da Barra/MG e d\u00e1 outras provid\u00eancias\u201d"}, {"id": "9", "ano": "2026", "numero": "2", "tipo__sigla": "PLOCM", "tipo__descricao": "Projeto de Lei Ordin\u00e1ria - CM", "autoria": "Mesa Diretora da C\u00e2mara Municipal - MD", "texto_original": "http://sapl.saojosedabarra.mg.leg.br/media/sapl/public/materialegislativa/2026/9/projeto_de_lei_ordinaria_no_002-2026_-_recomposicao_prefeito_vice_e_secretarios_municipais.pdf", "ementa": "\u201cDisp\u00f5e sobre a recomposi\u00e7\u00e3o anual nos subs\u00eddios do Prefeito, Vice-Prefeito e Secret\u00e1rios do Munic\u00edpio de S\u00e3o Jos\u00e9 da Barra/MG e d\u00e1 outras provid\u00eancias\u201d"}, {"id": "10", "ano": "2026", "numero": "3", "tipo__sigla": "PLOCM", "tipo__descricao": "Projeto de Lei Ordin\u00e1ria - CM", "autoria": "Mesa Diretora da C\u00e2mara Municipal - MD", "texto_original": "http://sapl.saojosedabarra.mg.leg.br/media/sapl/public/materialegislativa/2026/10/plo_003-2026-cm_-_recomposicao_vereadores.pdf", "ementa": "\u201cDisp\u00f5e sobre a recomposi\u00e7\u00e3o anual dos subs\u00eddios dos Vereadores de S\u00e3o Jos\u00e9 da Barra/MG e d\u00e1 outras provid\u00eancias.\u201d"}]}