{"id":2,"__str__":"Ordem: None - Requerente: None - Mat\u00e9ria: Indica\u00e7\u00e3o n\u00ba 20 de 2026","link_detail_backend":"/sessao/retiradapauta/2","metadata":{},"data":"2026-02-23","observacao":"","materia":46,"sessao_plenaria":4,"ordem":null,"expediente":29,"parlamentar":null,"tipo_de_retirada":3}