{"id":480,"__str__":"Emenda n\u00ba 2 de 2026 | Mat\u00e9ria inclusa na Ordem do Dia \u2013 Vota\u00e7\u00e3o \u00danica | 06/04/2026","link_detail_backend":"/materia/tramitacao/480","metadata":{},"timestamp":"2026-04-06T09:51:12.352471-03:00","data_tramitacao":"2026-04-06","data_encaminhamento":"2026-04-06","urgente":false,"turno":"U","texto":"Encaminhada para delibera\u00e7\u00e3o em Plen\u00e1rio.","data_fim_prazo":null,"ip":"186.227.244.9","ultima_edicao":"2026-04-06T09:50:55.265210-03:00","status":52,"materia":47,"unidade_tramitacao_local":3,"unidade_tramitacao_destino":6,"user":3}