{"id":479,"__str__":"Emenda n\u00ba 2 de 2026 | Aguardando inclus\u00e3o na Ordem do Dia | 09/03/2026","link_detail_backend":"/materia/tramitacao/479","metadata":{},"timestamp":"2026-04-06T09:50:53.845810-03:00","data_tramitacao":"2026-03-09","data_encaminhamento":"2026-03-09","urgente":false,"turno":"","texto":"Encaminhada para inclus\u00e3o na Ordem do Dia para delibera\u00e7\u00e3o em plen\u00e1rio.","data_fim_prazo":null,"ip":"186.227.244.9","ultima_edicao":"2026-04-06T09:50:16.960764-03:00","status":45,"materia":47,"unidade_tramitacao_local":23,"unidade_tramitacao_destino":3,"user":3}