{"id":433,"__str__":"Emenda n\u00ba 3 de 2026 | Mat\u00e9ria inclusa na Ordem do Dia \u2013 Vota\u00e7\u00e3o \u00danica | 30/03/2026","link_detail_backend":"/materia/tramitacao/433","metadata":{},"timestamp":"2026-03-30T13:30:48.731948-03:00","data_tramitacao":"2026-03-30","data_encaminhamento":"2026-03-30","urgente":false,"turno":"U","texto":"Encaminhada para delibera\u00e7\u00e3o em Plen\u00e1rio.","data_fim_prazo":null,"ip":"186.227.244.9","ultima_edicao":"2026-03-30T13:30:30.092546-03:00","status":52,"materia":66,"unidade_tramitacao_local":3,"unidade_tramitacao_destino":6,"user":3}