{"id":391,"__str__":"Indica\u00e7\u00e3o n\u00ba 28 de 2026 | Aguardando inclus\u00e3o na Ordem do Dia | 23/03/2026","link_detail_backend":"/materia/tramitacao/391","metadata":{},"timestamp":"2026-03-23T12:51:58.002621-03:00","data_tramitacao":"2026-03-23","data_encaminhamento":"2026-03-23","urgente":false,"turno":"","texto":"Encaminhada para inclus\u00e3o na Ordem do Dia para delibera\u00e7\u00e3o em plen\u00e1rio.","data_fim_prazo":null,"ip":"186.227.244.9","ultima_edicao":"2026-03-23T12:51:39.372700-03:00","status":45,"materia":59,"unidade_tramitacao_local":23,"unidade_tramitacao_destino":3,"user":3}