{"id":313,"__str__":"Indica\u00e7\u00e3o n\u00ba 23 de 2026 | Mat\u00e9ria inclusa na Ordem do Dia \u2013 Vota\u00e7\u00e3o \u00danica | 09/03/2026","link_detail_backend":"/materia/tramitacao/313","metadata":{},"timestamp":"2026-03-09T16:15:46.762074-03:00","data_tramitacao":"2026-03-09","data_encaminhamento":"2026-03-09","urgente":false,"turno":"U","texto":"Encaminhada para delibera\u00e7\u00e3o em Plen\u00e1rio.","data_fim_prazo":null,"ip":"186.227.244.11","ultima_edicao":"2026-03-09T16:15:46.400525-03:00","status":52,"materia":50,"unidade_tramitacao_local":3,"unidade_tramitacao_destino":6,"user":3}