{"id":304,"__str__":"Projeto de Lei Complementar n\u00ba 3 de 2026 | Mat\u00e9ria inclusa na Ordem do Dia \u2013 1\u00aa Vota\u00e7\u00e3o | 09/03/2026","link_detail_backend":"/materia/tramitacao/304","metadata":{},"timestamp":"2026-03-09T16:06:09.579476-03:00","data_tramitacao":"2026-03-09","data_encaminhamento":"2026-03-09","urgente":false,"turno":"P","texto":"Encaminhada para delibera\u00e7\u00e3o em Plen\u00e1rio.","data_fim_prazo":null,"ip":"186.227.244.11","ultima_edicao":"2026-03-09T16:05:30.493905-03:00","status":46,"materia":31,"unidade_tramitacao_local":3,"unidade_tramitacao_destino":6,"user":3}