{"id":300,"__str__":"Projeto de Lei Complementar n\u00ba 2 de 2026 | Aguardando inclus\u00e3o na Ordem do Dia | 09/03/2026","link_detail_backend":"/materia/tramitacao/300","metadata":{},"timestamp":"2026-03-09T11:31:15.807934-03:00","data_tramitacao":"2026-03-09","data_encaminhamento":"2026-03-09","urgente":false,"turno":"","texto":"Para inclus\u00e3o na Ordem do Dia e delibera\u00e7\u00e3o em Plen\u00e1rio.","data_fim_prazo":null,"ip":"186.227.244.8","ultima_edicao":"2026-03-09T11:31:01.324893-03:00","status":45,"materia":41,"unidade_tramitacao_local":23,"unidade_tramitacao_destino":3,"user":3}