{"id":259,"__str__":"Indica\u00e7\u00e3o n\u00ba 20 de 2026 | Mat\u00e9ria inclusa na Ordem do Dia \u2013 Vota\u00e7\u00e3o \u00danica | 23/02/2026","link_detail_backend":"/materia/tramitacao/259","metadata":{},"timestamp":"2026-02-23T12:58:47.268294-03:00","data_tramitacao":"2026-02-23","data_encaminhamento":"2026-02-23","urgente":false,"turno":"U","texto":"Encaminhada para inclus\u00e3o na Ordem do Dia para delibera\u00e7\u00e3o em plen\u00e1rio.","data_fim_prazo":null,"ip":"186.227.244.8","ultima_edicao":"2026-02-23T12:58:12.191012-03:00","status":52,"materia":46,"unidade_tramitacao_local":23,"unidade_tramitacao_destino":6,"user":3}