{"id":87,"__str__":"Indica\u00e7\u00e3o n\u00ba 36 de 2026","link_detail_backend":"/materia/87","metadata":{},"numero":36,"ano":2026,"numero_protocolo":null,"data_apresentacao":"2026-04-27","tipo_apresentacao":"E","data_publicacao":null,"numero_origem_externa":"","ano_origem_externa":null,"data_origem_externa":null,"apelido":"","dias_prazo":null,"data_fim_prazo":null,"em_tramitacao":false,"polemica":false,"objeto":"","complementar":false,"ementa":"Os Vereadores que abaixo assinam apresentam a presente Indica\u00e7\u00e3o para an\u00e1lise e delibera\u00e7\u00e3o do Plen\u00e1rio, solicitando ao Executivo Municipal junto \u00e0 Secretaria Municipal de Sa\u00fade, a ado\u00e7\u00e3o de provid\u00eancias visando a melhoria das condi\u00e7\u00f5es de atendimento na unidade de sa\u00fade do munic\u00edpio.","indexacao":"","observacao":"","resultado":"","texto_original":"http://sapl.saojosedabarra.mg.leg.br/media/sapl/public/materialegislativa/2026/87/indicacao_036-_tiago_e_adriano_-_aquisicao_de_poltronas_e_lencois_para_unidade_de_saude.pdf","data_ultima_atualizacao":"2026-04-28T09:12:48.097752-03:00","ip":"186.227.244.9","ultima_edicao":"2026-04-27T14:03:08.597693-03:00","tipo":10,"regime_tramitacao":1,"tipo_origem_externa":null,"local_origem_externa":null,"user":3,"anexadas":[],"autores":[12,20]}