{"id":6,"__str__":"Projeto de Decreto Legislativo n\u00ba 6 de 2025","link_detail_backend":"/materia/6","metadata":{},"numero":6,"ano":2025,"numero_protocolo":null,"data_apresentacao":"2025-12-15","tipo_apresentacao":"E","data_publicacao":null,"numero_origem_externa":"","ano_origem_externa":null,"data_origem_externa":null,"apelido":"","dias_prazo":null,"data_fim_prazo":null,"em_tramitacao":false,"polemica":false,"objeto":"","complementar":false,"ementa":"\u201cConcede o T\u00edtulo de Cidad\u00e3o Honor\u00e1rio do Munic\u00edpio de S\u00e3o Jos\u00e9 da Barra, Estado de Minas Gerais, ao Senhor Em\u00eddio Alves Madeira J\u00fanior.\u201d","indexacao":"","observacao":"","resultado":"","texto_original":"http://sapl.saojosedabarra.mg.leg.br/media/sapl/public/materialegislativa/2025/6/projeto_de_decreto_legislativo_no_006-2025-_concede_titulo_de_cidadao_honorario_-_deputado_emidinho_madeira.pdf","data_ultima_atualizacao":"2026-02-23T09:47:51.891395-03:00","ip":"186.227.244.19","ultima_edicao":"2026-01-21T15:41:41.784171-03:00","tipo":4,"regime_tramitacao":1,"tipo_origem_externa":null,"local_origem_externa":null,"user":3,"anexadas":[],"autores":[15]}