{"id":66,"__str__":"Emenda n\u00ba 3 de 2026","link_detail_backend":"/materia/66","metadata":{},"numero":3,"ano":2026,"numero_protocolo":null,"data_apresentacao":"2026-03-30","tipo_apresentacao":"E","data_publicacao":null,"numero_origem_externa":"","ano_origem_externa":null,"data_origem_externa":null,"apelido":"","dias_prazo":null,"data_fim_prazo":null,"em_tramitacao":false,"polemica":false,"objeto":"","complementar":false,"ementa":"Emenda Supressiva n\u00ba 001/2026 \u2013 Sequ\u00eancia SAPL n\u00ba 003/2026, ao Projeto de Lei Complementar n.\u00ba 004/2026, que \u201cAltera a Lei Complementar n\u00ba 021, de 24 de agosto de 2.007, que \u2018Disp\u00f5e sobre o Plano de Cargos e Vencimentos dos Servidores P\u00fablicos Municipais de S\u00e3o Jos\u00e9 da Barra/MG e d\u00e1 outras provid\u00eancias\u2019\u201d, de autoria do Executivo Municipal.","indexacao":"","observacao":"","resultado":"","texto_original":"http://sapl.saojosedabarra.mg.leg.br/media/sapl/public/materialegislativa/2026/66/emenda_supressiva_-_plc_004-2026.pdf","data_ultima_atualizacao":"2026-04-06T09:06:21.962528-03:00","ip":"186.227.244.9","ultima_edicao":"2026-03-30T13:28:24.652314-03:00","tipo":8,"regime_tramitacao":1,"tipo_origem_externa":null,"local_origem_externa":null,"user":3,"anexadas":[],"autores":[1]}