{"id":65,"__str__":"Emenda n\u00ba 8 de 2026","link_detail_backend":"/materia/65","metadata":{},"numero":8,"ano":2026,"numero_protocolo":null,"data_apresentacao":"2026-03-30","tipo_apresentacao":"E","data_publicacao":null,"numero_origem_externa":"4","ano_origem_externa":2026,"data_origem_externa":"2026-03-30","apelido":"","dias_prazo":null,"data_fim_prazo":null,"em_tramitacao":false,"polemica":false,"objeto":"","complementar":false,"ementa":"Emenda Aditiva n\u00ba 001/2026 - Sequ\u00eancia SAPL n\u00ba 008/2026, ao Projeto de Lei Ordin\u00e1ria n\u00ba 004/2026-CM, de autoria da Mesa Diretora da C\u00e2mara Municipal de S\u00e3o Jos\u00e9 da Barra/MG, que \u201cCria o vale-alimenta\u00e7\u00e3o dos servidores p\u00fablicos municipais da C\u00e2mara e d\u00e1 outras provid\u00eancias\u201d.","indexacao":"","observacao":"","resultado":"","texto_original":"http://sapl.saojosedabarra.mg.leg.br/media/sapl/public/materialegislativa/2026/65/emenda_aditiva__001-2026-_plo_004-2026-_cm.pdf","data_ultima_atualizacao":"2026-04-06T09:05:03.563107-03:00","ip":"186.227.244.9","ultima_edicao":"2026-03-30T13:22:16.125332-03:00","tipo":8,"regime_tramitacao":1,"tipo_origem_externa":13,"local_origem_externa":5,"user":3,"anexadas":[],"autores":[1]}