{"id":58,"__str__":"Indica\u00e7\u00e3o n\u00ba 27 de 2026","link_detail_backend":"/materia/58","metadata":{},"numero":27,"ano":2026,"numero_protocolo":null,"data_apresentacao":"2026-03-23","tipo_apresentacao":"E","data_publicacao":null,"numero_origem_externa":"","ano_origem_externa":null,"data_origem_externa":null,"apelido":"","dias_prazo":null,"data_fim_prazo":null,"em_tramitacao":false,"polemica":false,"objeto":"","complementar":false,"ementa":"O Vereador que abaixo assina, apresenta a Indica\u00e7\u00e3o para an\u00e1lise e delibera\u00e7\u00e3o do Plen\u00e1rio, solicitando ao Executivo Municipal por meio junto \u00e0 Secretaria de Sa\u00fade, que seja disponibilizado tratamento para combate \u00e0 obesidade, por meio do uso de canetas emagrecedoras, como forma de proporcionar melhor qualidade de vida aos pacientes com obesidade severa no munic\u00edpio.","indexacao":"","observacao":"","resultado":"","texto_original":"http://sapl.saojosedabarra.mg.leg.br/media/sapl/public/materialegislativa/2026/58/indicacao_027.pdf","data_ultima_atualizacao":"2026-03-24T08:34:35.211123-03:00","ip":"186.227.244.9","ultima_edicao":"2026-03-23T12:47:37.690536-03:00","tipo":10,"regime_tramitacao":1,"tipo_origem_externa":null,"local_origem_externa":null,"user":3,"anexadas":[],"autores":[19]}