{"id":42,"__str__":"Projeto de Lei Complementar n\u00ba 4 de 2026","link_detail_backend":"/materia/42","metadata":{},"numero":4,"ano":2026,"numero_protocolo":null,"data_apresentacao":"2026-02-09","tipo_apresentacao":"E","data_publicacao":null,"numero_origem_externa":"","ano_origem_externa":null,"data_origem_externa":"2026-02-09","apelido":"","dias_prazo":null,"data_fim_prazo":null,"em_tramitacao":false,"polemica":false,"objeto":"","complementar":true,"ementa":"Altera a Lei Complementar n\u00ba 021, de 24 de agosto de 2.007, que \u201cDisp\u00f5e sobre o plano de Cargos e Vencimentos dos servidores municipais de S\u00e3o Jos\u00e9 da Barra e d\u00e1 outras provid\u00eancias\u201d","indexacao":"","observacao":"","resultado":"","texto_original":"http://sapl.saojosedabarra.mg.leg.br/media/sapl/public/materialegislativa/2026/42/plc_004-_altera_funcoes_gratificadas.pdf","data_ultima_atualizacao":"2026-04-07T08:43:52.005120-03:00","ip":"186.227.244.8","ultima_edicao":"2026-02-11T10:46:02.119827-03:00","tipo":2,"regime_tramitacao":1,"tipo_origem_externa":null,"local_origem_externa":1,"user":3,"anexadas":[66],"autores":[11]}