{"id":35,"__str__":"Indica\u00e7\u00e3o n\u00ba 17 de 2026","link_detail_backend":"/materia/35","metadata":{},"numero":17,"ano":2026,"numero_protocolo":null,"data_apresentacao":"2026-02-09","tipo_apresentacao":"E","data_publicacao":null,"numero_origem_externa":"","ano_origem_externa":null,"data_origem_externa":null,"apelido":"","dias_prazo":null,"data_fim_prazo":null,"em_tramitacao":false,"polemica":false,"objeto":"","complementar":false,"ementa":"O Vereador que abaixo assina apresenta a presente Indica\u00e7\u00e3o para an\u00e1lise e delibera\u00e7\u00e3o do Plen\u00e1rio, solicitando ao Executivo Municipal por meio do Setor Competente e \u00e0 concession\u00e1ria de energia el\u00e9trica respons\u00e1vel, que sejam envidados esfor\u00e7os no sentido de viabilizar a constru\u00e7\u00e3o de uma subesta\u00e7\u00e3o de energia el\u00e9trica no munic\u00edpio.","indexacao":"","observacao":"","resultado":"","texto_original":"http://sapl.saojosedabarra.mg.leg.br/media/sapl/public/materialegislativa/2026/35/indicacao_017.pdf","data_ultima_atualizacao":"2026-02-10T10:09:54.753436-03:00","ip":"186.227.244.8","ultima_edicao":"2026-02-09T14:39:31.561437-03:00","tipo":10,"regime_tramitacao":1,"tipo_origem_externa":null,"local_origem_externa":null,"user":3,"anexadas":[],"autores":[12,13,14,19,21,20]}