{"id":31,"__str__":"Projeto de Lei Complementar n\u00ba 3 de 2026","link_detail_backend":"/materia/31","metadata":{},"numero":3,"ano":2026,"numero_protocolo":null,"data_apresentacao":"2026-02-05","tipo_apresentacao":"E","data_publicacao":null,"numero_origem_externa":"","ano_origem_externa":null,"data_origem_externa":"2026-02-05","apelido":"","dias_prazo":null,"data_fim_prazo":null,"em_tramitacao":false,"polemica":false,"objeto":"","complementar":true,"ementa":"\"Altera a qualifica\u00e7\u00e3o dos cargos que menciona, constantes do Anexo V da Lei Complementar n\u00ba 142, de 29 de dezembro de 2.023, que 'disp\u00f5e sobre a estrutura\u00e7\u00e3o do Plano de Cargos, Carreira e Vencimentos dos servidores p\u00fablicos municipais da Educa\u00e7\u00e3o de S\u00e3o Jos\u00e9 da Barra/MG, estabelece diretrizes gerais para sua implanta\u00e7\u00e3o e d\u00e1 outras provid\u00eancias\u201d","indexacao":"","observacao":"","resultado":"","texto_original":"http://sapl.saojosedabarra.mg.leg.br/media/sapl/public/materialegislativa/2026/31/plc_003-2026_-_altera_qualificacao_dos_cargos.pdf","data_ultima_atualizacao":"2026-03-17T10:33:18.335101-03:00","ip":"186.227.244.8","ultima_edicao":"2026-02-09T10:27:24.009209-03:00","tipo":2,"regime_tramitacao":1,"tipo_origem_externa":null,"local_origem_externa":1,"user":3,"anexadas":[],"autores":[11]}