{"id":22,"__str__":"Indica\u00e7\u00e3o n\u00ba 12 de 2026","link_detail_backend":"/materia/22","metadata":{},"numero":12,"ano":2026,"numero_protocolo":null,"data_apresentacao":"2026-02-02","tipo_apresentacao":"E","data_publicacao":null,"numero_origem_externa":"","ano_origem_externa":null,"data_origem_externa":null,"apelido":"","dias_prazo":null,"data_fim_prazo":null,"em_tramitacao":false,"polemica":false,"objeto":"","complementar":false,"ementa":"Os Vereadores que abaixo assinam apresentam a presente Indica\u00e7\u00e3o para an\u00e1lise e delibera\u00e7\u00e3o do Plen\u00e1rio, solicitando ao Executivo Municipal por meio do Setor Competente que estude a viabilidade e adote as provid\u00eancias necess\u00e1rias para a constru\u00e7\u00e3o de uma creche no centro do munic\u00edpio, visando atender \u00e0 demanda da popula\u00e7\u00e3o local. A presente Indica\u00e7\u00e3o reitera a Indica\u00e7\u00e3o n\u00ba 108/2025, anteriormente apresentada a esta Casa Legislativa.","indexacao":"","observacao":"","resultado":"","texto_original":"http://sapl.saojosedabarra.mg.leg.br/media/sapl/public/materialegislativa/2026/22/indicacao_012.pdf","data_ultima_atualizacao":"2026-02-09T11:08:13.824430-03:00","ip":"186.227.244.8","ultima_edicao":"2026-02-02T14:31:17.430997-03:00","tipo":10,"regime_tramitacao":1,"tipo_origem_externa":null,"local_origem_externa":null,"user":3,"anexadas":[],"autores":[12,13,14,19,21]}