{"id":16,"__str__":"Projeto de Lei Complementar n\u00ba 1 de 2026","link_detail_backend":"/materia/16","metadata":{},"numero":1,"ano":2026,"numero_protocolo":null,"data_apresentacao":"2026-01-20","tipo_apresentacao":"E","data_publicacao":null,"numero_origem_externa":"","ano_origem_externa":null,"data_origem_externa":"2026-01-16","apelido":"","dias_prazo":null,"data_fim_prazo":null,"em_tramitacao":false,"polemica":false,"objeto":"","complementar":true,"ementa":"\"Altera o n\u00famero de vagas para o cargo de Motorista, constante do Anexo I da Lei Complementar n\u00ba 021, de 24 de agosto de 2.007, que 'Disp\u00f5e sobre o Plano de Cargos e Vencimentos dos Servidores P\u00fablicos Municipais de S\u00e3o Jos\u00e9 da Barra/MG e d\u00e1 outras provid\u00eancias\".","indexacao":"","observacao":"","resultado":"","texto_original":"http://sapl.saojosedabarra.mg.leg.br/media/sapl/public/materialegislativa/2026/16/plc_001_-_aumenta_vagas_motoristas.pdf","data_ultima_atualizacao":"2026-03-10T09:09:10.179049-03:00","ip":"186.227.244.8","ultima_edicao":"2026-02-02T13:07:46.212767-03:00","tipo":2,"regime_tramitacao":1,"tipo_origem_externa":null,"local_origem_externa":1,"user":3,"anexadas":[],"autores":[11]}